{"id":3073,"date":"2022-08-25T11:19:22","date_gmt":"2022-08-25T11:19:22","guid":{"rendered":"https:\/\/h2i.ch\/tws-a-new-edition-in-the-capital-of-watchmaking-know-how\/"},"modified":"2023-03-15T20:43:48","modified_gmt":"2023-03-15T20:43:48","slug":"tws-une-nouvelle-edition-a-la-capitale-des-savoir-faire-horlogers","status":"publish","type":"post","link":"https:\/\/staging.h2i.ch\/fr\/tws-une-nouvelle-edition-a-la-capitale-des-savoir-faire-horlogers\/","title":{"rendered":"TWS : une nouvelle \u00e9dition \u00e0 la capitale des savoir-faire horlogers"},"content":{"rendered":"<p><img decoding=\"async\" loading=\"lazy\" class=\"aligncenter size-full wp-image-7362\" src=\"https:\/\/acrotec.ch\/wp-content\/uploads\/2022\/08\/TWS.jpg\" alt=\"TWS-2022-announcement\" width=\"960\" height=\"501\" \/><\/p>\n<p>Le Technical Watchmaker Show fait officiellement son grand retour pour sa 3\u00e8me \u00e9dition apr\u00e8s deux ans d\u2019absence.<\/p>\n<p>D\u00e9di\u00e9 sp\u00e9cialement aux m\u00e9tiers de l\u2019horlogerie et de la microtechnique, le salon se tiendra du 20 au 23 septembre 2022 \u00e0 la Chaux-de-Fonds, capitale des savoir-faire horlogers, comme ce fut le cas lors de la derni\u00e8re \u00e9dition en 2019.<\/p>\n<p>Trois soci\u00e9t\u00e9s du groupe <a href=\"https:\/\/acrotec.ch\/\" target=\"_blank\" rel=\"noopener\">Acrotec<\/a> y seront pr\u00e9sentes.<\/p>\n<p>Au stand N\u00b0B1, venez d\u00e9couvrir la nouvelle technologie du <a href=\"https:\/\/petitpierre.ch\/horlogerie\/drop-et-lumen-revolutionnent-le-nettoyage-des-pieces-et-la-mesure-optique-en-post-production\/\" target=\"_blank\" rel=\"noopener\">lum\u0247n &amp; dr\u00f8p<\/a>, <a href=\"https:\/\/petitpierre.ch\/outillage\/\" target=\"_blank\" rel=\"noopener\">l\u2019outillage d&rsquo;horlogerie haut de gamme<\/a>, ou encore l\u2019appareil de mesure 4 points de chez <a href=\"https:\/\/petitpierre.ch\" target=\"_blank\" rel=\"noopener\">Petitpierre<\/a>.<\/p>\n<p>A leurs c\u00f4t\u00e9s, vous trouverez une <a href=\"https:\/\/h2i.ch\/fr\/produits\/camera-haute-vitesse\/\" target=\"_blank\" rel=\"noopener\">cam\u00e9ra haute-vitesse<\/a> sp\u00e9cifiquement d\u00e9di\u00e9e aux m\u00e9tiers de l\u2019horlogerie, ainsi que les instruments de mesure chronom\u00e9trique de nouvelle g\u00e9n\u00e9ration d\u00e9velopp\u00e9s par <a href=\"https:\/\/h2i.ch\/fr\/\" target=\"_blank\" rel=\"noopener\">H2i<\/a>, dont l\u2019<a href=\"https:\/\/h2i.ch\/fr\/produits\/accuracy-motion\/\" target=\"_blank\" rel=\"noopener\">Accuracy Motion<\/a> et le module de mesure d\u2019\u00e9tat <a href=\"https:\/\/h2i.ch\/fr\/produits\/hms\/\" target=\"_blank\" rel=\"noopener\">HMS<\/a>.<\/p>\n<p>Au stand B12, vous seront pr\u00e9sent\u00e9s les belles masses oscillantes et les m\u00e9tiers d\u2019art de chez <a href=\"https:\/\/horlyne.ch\/\" target=\"_blank\" rel=\"noopener\">Horlyne<\/a>.<\/p>\n<p>Vous pouvez vous inscrire \u00e0 l\u2019\u00e9v\u00e8nement <a href=\"https:\/\/live.eventtia.com\/fr\/tws\/Inscription\" target=\"_blank\" rel=\"noopener\">ici<\/a>\u00a0!<\/p>\n","protected":false},"excerpt":{"rendered":"<p>Le Technical Watchmaker Show fait officiellement son grand retour pour sa 3\u00e8me \u00e9dition apr\u00e8s deux ans d\u2019absence. D\u00e9di\u00e9 sp\u00e9cialement aux m\u00e9tiers de l\u2019horlogerie et de la microtechnique, le salon se tiendra du 20 au 23 septembre 2022 \u00e0 la Chaux-de-Fonds, capitale des savoir-faire horlogers, comme ce fut le cas lors de la derni\u00e8re \u00e9dition en [&hellip;]<\/p>\n","protected":false},"author":13,"featured_media":3069,"comment_status":"open","ping_status":"open","sticky":false,"template":"","format":"standard","meta":{"footnotes":""},"categories":[43],"tags":[],"acf":[],"yoast_head":"<!-- This site is optimized with the Yoast SEO plugin v21.3 - https:\/\/yoast.com\/wordpress\/plugins\/seo\/ -->\n<title>TWS : une nouvelle \u00e9dition \u00e0 la capitale des savoir-faire horlogers - H2i<\/title>\n<meta name=\"description\" content=\"Rejoignez-nous au Salon Technique de l&#039;Horlogerie et d\u00e9couvrez les \u00e9quipements de derni\u00e8re g\u00e9n\u00e9ration des soci\u00e9t\u00e9s Acrotec Petitpierre, H2i et Horlyne.\" \/>\n<meta name=\"robots\" content=\"index, follow, max-snippet:-1, max-image-preview:large, max-video-preview:-1\" \/>\n<link rel=\"canonical\" href=\"https:\/\/staging.h2i.ch\/fr\/tws-une-nouvelle-edition-a-la-capitale-des-savoir-faire-horlogers\/\" \/>\n<meta property=\"og:locale\" content=\"fr_FR\" \/>\n<meta property=\"og:type\" content=\"article\" \/>\n<meta property=\"og:title\" content=\"TWS : une nouvelle \u00e9dition \u00e0 la capitale des savoir-faire horlogers - H2i\" \/>\n<meta property=\"og:description\" content=\"Rejoignez-nous au Salon Technique de l&#039;Horlogerie et d\u00e9couvrez les \u00e9quipements de derni\u00e8re g\u00e9n\u00e9ration des soci\u00e9t\u00e9s Acrotec Petitpierre, H2i et Horlyne.\" \/>\n<meta property=\"og:url\" content=\"https:\/\/staging.h2i.ch\/fr\/tws-une-nouvelle-edition-a-la-capitale-des-savoir-faire-horlogers\/\" \/>\n<meta property=\"og:site_name\" content=\"H2i\" \/>\n<meta property=\"article:published_time\" content=\"2022-08-25T11:19:22+00:00\" \/>\n<meta property=\"article:modified_time\" content=\"2023-03-15T20:43:48+00:00\" \/>\n<meta property=\"og:image\" content=\"https:\/\/staging.h2i.ch\/wp-content\/uploads\/2022\/08\/TWS.jpg\" \/>\n\t<meta property=\"og:image:width\" content=\"960\" \/>\n\t<meta property=\"og:image:height\" content=\"501\" \/>\n\t<meta property=\"og:image:type\" content=\"image\/jpeg\" \/>\n<meta name=\"author\" content=\"Marija Lekic\" \/>\n<meta name=\"twitter:card\" content=\"summary_large_image\" \/>\n<meta name=\"twitter:label1\" content=\"\u00c9crit par\" \/>\n\t<meta name=\"twitter:data1\" content=\"Marija Lekic\" \/>\n\t<meta name=\"twitter:label2\" content=\"Dur\u00e9e de lecture estim\u00e9e\" \/>\n\t<meta name=\"twitter:data2\" content=\"1 minute\" \/>\n<script type=\"application\/ld+json\" class=\"yoast-schema-graph\">{\"@context\":\"https:\/\/schema.org\",\"@graph\":[{\"@type\":\"Article\",\"@id\":\"https:\/\/staging.h2i.ch\/fr\/tws-une-nouvelle-edition-a-la-capitale-des-savoir-faire-horlogers\/#article\",\"isPartOf\":{\"@id\":\"https:\/\/staging.h2i.ch\/fr\/tws-une-nouvelle-edition-a-la-capitale-des-savoir-faire-horlogers\/\"},\"author\":{\"name\":\"Marija Lekic\",\"@id\":\"https:\/\/staging.h2i.ch\/fr\/#\/schema\/person\/19cbf2856ac3429aad1c81d95cf6f10f\"},\"headline\":\"TWS : une nouvelle \u00e9dition \u00e0 la capitale des savoir-faire horlogers\",\"datePublished\":\"2022-08-25T11:19:22+00:00\",\"dateModified\":\"2023-03-15T20:43:48+00:00\",\"mainEntityOfPage\":{\"@id\":\"https:\/\/staging.h2i.ch\/fr\/tws-une-nouvelle-edition-a-la-capitale-des-savoir-faire-horlogers\/\"},\"wordCount\":193,\"commentCount\":0,\"publisher\":{\"@id\":\"https:\/\/staging.h2i.ch\/fr\/#organization\"},\"articleSection\":[\"News\"],\"inLanguage\":\"fr-FR\",\"potentialAction\":[{\"@type\":\"CommentAction\",\"name\":\"Comment\",\"target\":[\"https:\/\/staging.h2i.ch\/fr\/tws-une-nouvelle-edition-a-la-capitale-des-savoir-faire-horlogers\/#respond\"]}]},{\"@type\":\"WebPage\",\"@id\":\"https:\/\/staging.h2i.ch\/fr\/tws-une-nouvelle-edition-a-la-capitale-des-savoir-faire-horlogers\/\",\"url\":\"https:\/\/staging.h2i.ch\/fr\/tws-une-nouvelle-edition-a-la-capitale-des-savoir-faire-horlogers\/\",\"name\":\"TWS : une nouvelle \u00e9dition \u00e0 la capitale des savoir-faire horlogers - H2i\",\"isPartOf\":{\"@id\":\"https:\/\/staging.h2i.ch\/fr\/#website\"},\"datePublished\":\"2022-08-25T11:19:22+00:00\",\"dateModified\":\"2023-03-15T20:43:48+00:00\",\"description\":\"Rejoignez-nous au Salon Technique de l'Horlogerie et d\u00e9couvrez les \u00e9quipements de derni\u00e8re g\u00e9n\u00e9ration des soci\u00e9t\u00e9s Acrotec Petitpierre, H2i et Horlyne.\",\"breadcrumb\":{\"@id\":\"https:\/\/staging.h2i.ch\/fr\/tws-une-nouvelle-edition-a-la-capitale-des-savoir-faire-horlogers\/#breadcrumb\"},\"inLanguage\":\"fr-FR\",\"potentialAction\":[{\"@type\":\"ReadAction\",\"target\":[\"https:\/\/staging.h2i.ch\/fr\/tws-une-nouvelle-edition-a-la-capitale-des-savoir-faire-horlogers\/\"]}]},{\"@type\":\"BreadcrumbList\",\"@id\":\"https:\/\/staging.h2i.ch\/fr\/tws-une-nouvelle-edition-a-la-capitale-des-savoir-faire-horlogers\/#breadcrumb\",\"itemListElement\":[{\"@type\":\"ListItem\",\"position\":1,\"name\":\"Page d'accueil\",\"item\":\"https:\/\/staging.h2i.ch\/fr\/\"},{\"@type\":\"ListItem\",\"position\":2,\"name\":\"TWS : une nouvelle \u00e9dition \u00e0 la capitale des savoir-faire horlogers\"}]},{\"@type\":\"WebSite\",\"@id\":\"https:\/\/staging.h2i.ch\/fr\/#website\",\"url\":\"https:\/\/staging.h2i.ch\/fr\/\",\"name\":\"H2i\",\"description\":\"\",\"publisher\":{\"@id\":\"https:\/\/staging.h2i.ch\/fr\/#organization\"},\"potentialAction\":[{\"@type\":\"SearchAction\",\"target\":{\"@type\":\"EntryPoint\",\"urlTemplate\":\"https:\/\/staging.h2i.ch\/fr\/?s={search_term_string}\"},\"query-input\":\"required name=search_term_string\"}],\"inLanguage\":\"fr-FR\"},{\"@type\":\"Organization\",\"@id\":\"https:\/\/staging.h2i.ch\/fr\/#organization\",\"name\":\"H2i\",\"url\":\"https:\/\/staging.h2i.ch\/fr\/\",\"logo\":{\"@type\":\"ImageObject\",\"inLanguage\":\"fr-FR\",\"@id\":\"https:\/\/staging.h2i.ch\/fr\/#\/schema\/logo\/image\/\",\"url\":\"https:\/\/h2i.ch\/wp-content\/uploads\/2023\/03\/logo_H2i.jpg\",\"contentUrl\":\"https:\/\/h2i.ch\/wp-content\/uploads\/2023\/03\/logo_H2i.jpg\",\"width\":288,\"height\":144,\"caption\":\"H2i\"},\"image\":{\"@id\":\"https:\/\/staging.h2i.ch\/fr\/#\/schema\/logo\/image\/\"},\"sameAs\":[\"https:\/\/www.linkedin.com\/company\/h2i-swiss\/\",\"https:\/\/www.instagram.com\/oneof_swiss\/\"]},{\"@type\":\"Person\",\"@id\":\"https:\/\/staging.h2i.ch\/fr\/#\/schema\/person\/19cbf2856ac3429aad1c81d95cf6f10f\",\"name\":\"Marija Lekic\",\"image\":{\"@type\":\"ImageObject\",\"inLanguage\":\"fr-FR\",\"@id\":\"https:\/\/staging.h2i.ch\/fr\/#\/schema\/person\/image\/\",\"url\":\"https:\/\/secure.gravatar.com\/avatar\/97f16b3d726bf8049fbfc2cce7aad584?s=96&d=mm&r=g\",\"contentUrl\":\"https:\/\/secure.gravatar.com\/avatar\/97f16b3d726bf8049fbfc2cce7aad584?s=96&d=mm&r=g\",\"caption\":\"Marija Lekic\"}}]}<\/script>\n<!-- \/ Yoast SEO plugin. -->","yoast_head_json":{"title":"TWS : une nouvelle \u00e9dition \u00e0 la capitale des savoir-faire horlogers - H2i","description":"Rejoignez-nous au Salon Technique de l'Horlogerie et d\u00e9couvrez les \u00e9quipements de derni\u00e8re g\u00e9n\u00e9ration des soci\u00e9t\u00e9s Acrotec Petitpierre, H2i et Horlyne.","robots":{"index":"index","follow":"follow","max-snippet":"max-snippet:-1","max-image-preview":"max-image-preview:large","max-video-preview":"max-video-preview:-1"},"canonical":"https:\/\/staging.h2i.ch\/fr\/tws-une-nouvelle-edition-a-la-capitale-des-savoir-faire-horlogers\/","og_locale":"fr_FR","og_type":"article","og_title":"TWS : une nouvelle \u00e9dition \u00e0 la capitale des savoir-faire horlogers - H2i","og_description":"Rejoignez-nous au Salon Technique de l'Horlogerie et d\u00e9couvrez les \u00e9quipements de derni\u00e8re g\u00e9n\u00e9ration des soci\u00e9t\u00e9s Acrotec Petitpierre, H2i et Horlyne.","og_url":"https:\/\/staging.h2i.ch\/fr\/tws-une-nouvelle-edition-a-la-capitale-des-savoir-faire-horlogers\/","og_site_name":"H2i","article_published_time":"2022-08-25T11:19:22+00:00","article_modified_time":"2023-03-15T20:43:48+00:00","og_image":[{"width":960,"height":501,"url":"https:\/\/staging.h2i.ch\/wp-content\/uploads\/2022\/08\/TWS.jpg","type":"image\/jpeg"}],"author":"Marija Lekic","twitter_card":"summary_large_image","twitter_misc":{"\u00c9crit par":"Marija Lekic","Dur\u00e9e de lecture estim\u00e9e":"1 minute"},"schema":{"@context":"https:\/\/schema.org","@graph":[{"@type":"Article","@id":"https:\/\/staging.h2i.ch\/fr\/tws-une-nouvelle-edition-a-la-capitale-des-savoir-faire-horlogers\/#article","isPartOf":{"@id":"https:\/\/staging.h2i.ch\/fr\/tws-une-nouvelle-edition-a-la-capitale-des-savoir-faire-horlogers\/"},"author":{"name":"Marija Lekic","@id":"https:\/\/staging.h2i.ch\/fr\/#\/schema\/person\/19cbf2856ac3429aad1c81d95cf6f10f"},"headline":"TWS : une nouvelle \u00e9dition \u00e0 la capitale des savoir-faire horlogers","datePublished":"2022-08-25T11:19:22+00:00","dateModified":"2023-03-15T20:43:48+00:00","mainEntityOfPage":{"@id":"https:\/\/staging.h2i.ch\/fr\/tws-une-nouvelle-edition-a-la-capitale-des-savoir-faire-horlogers\/"},"wordCount":193,"commentCount":0,"publisher":{"@id":"https:\/\/staging.h2i.ch\/fr\/#organization"},"articleSection":["News"],"inLanguage":"fr-FR","potentialAction":[{"@type":"CommentAction","name":"Comment","target":["https:\/\/staging.h2i.ch\/fr\/tws-une-nouvelle-edition-a-la-capitale-des-savoir-faire-horlogers\/#respond"]}]},{"@type":"WebPage","@id":"https:\/\/staging.h2i.ch\/fr\/tws-une-nouvelle-edition-a-la-capitale-des-savoir-faire-horlogers\/","url":"https:\/\/staging.h2i.ch\/fr\/tws-une-nouvelle-edition-a-la-capitale-des-savoir-faire-horlogers\/","name":"TWS : une nouvelle \u00e9dition \u00e0 la capitale des savoir-faire horlogers - H2i","isPartOf":{"@id":"https:\/\/staging.h2i.ch\/fr\/#website"},"datePublished":"2022-08-25T11:19:22+00:00","dateModified":"2023-03-15T20:43:48+00:00","description":"Rejoignez-nous au Salon Technique de l'Horlogerie et d\u00e9couvrez les \u00e9quipements de derni\u00e8re g\u00e9n\u00e9ration des soci\u00e9t\u00e9s Acrotec Petitpierre, H2i et Horlyne.","breadcrumb":{"@id":"https:\/\/staging.h2i.ch\/fr\/tws-une-nouvelle-edition-a-la-capitale-des-savoir-faire-horlogers\/#breadcrumb"},"inLanguage":"fr-FR","potentialAction":[{"@type":"ReadAction","target":["https:\/\/staging.h2i.ch\/fr\/tws-une-nouvelle-edition-a-la-capitale-des-savoir-faire-horlogers\/"]}]},{"@type":"BreadcrumbList","@id":"https:\/\/staging.h2i.ch\/fr\/tws-une-nouvelle-edition-a-la-capitale-des-savoir-faire-horlogers\/#breadcrumb","itemListElement":[{"@type":"ListItem","position":1,"name":"Page d'accueil","item":"https:\/\/staging.h2i.ch\/fr\/"},{"@type":"ListItem","position":2,"name":"TWS : une nouvelle \u00e9dition \u00e0 la capitale des savoir-faire horlogers"}]},{"@type":"WebSite","@id":"https:\/\/staging.h2i.ch\/fr\/#website","url":"https:\/\/staging.h2i.ch\/fr\/","name":"H2i","description":"","publisher":{"@id":"https:\/\/staging.h2i.ch\/fr\/#organization"},"potentialAction":[{"@type":"SearchAction","target":{"@type":"EntryPoint","urlTemplate":"https:\/\/staging.h2i.ch\/fr\/?s={search_term_string}"},"query-input":"required name=search_term_string"}],"inLanguage":"fr-FR"},{"@type":"Organization","@id":"https:\/\/staging.h2i.ch\/fr\/#organization","name":"H2i","url":"https:\/\/staging.h2i.ch\/fr\/","logo":{"@type":"ImageObject","inLanguage":"fr-FR","@id":"https:\/\/staging.h2i.ch\/fr\/#\/schema\/logo\/image\/","url":"https:\/\/h2i.ch\/wp-content\/uploads\/2023\/03\/logo_H2i.jpg","contentUrl":"https:\/\/h2i.ch\/wp-content\/uploads\/2023\/03\/logo_H2i.jpg","width":288,"height":144,"caption":"H2i"},"image":{"@id":"https:\/\/staging.h2i.ch\/fr\/#\/schema\/logo\/image\/"},"sameAs":["https:\/\/www.linkedin.com\/company\/h2i-swiss\/","https:\/\/www.instagram.com\/oneof_swiss\/"]},{"@type":"Person","@id":"https:\/\/staging.h2i.ch\/fr\/#\/schema\/person\/19cbf2856ac3429aad1c81d95cf6f10f","name":"Marija Lekic","image":{"@type":"ImageObject","inLanguage":"fr-FR","@id":"https:\/\/staging.h2i.ch\/fr\/#\/schema\/person\/image\/","url":"https:\/\/secure.gravatar.com\/avatar\/97f16b3d726bf8049fbfc2cce7aad584?s=96&d=mm&r=g","contentUrl":"https:\/\/secure.gravatar.com\/avatar\/97f16b3d726bf8049fbfc2cce7aad584?s=96&d=mm&r=g","caption":"Marija Lekic"}}]}},"_links":{"self":[{"href":"https:\/\/staging.h2i.ch\/fr\/wp-json\/wp\/v2\/posts\/3073"}],"collection":[{"href":"https:\/\/staging.h2i.ch\/fr\/wp-json\/wp\/v2\/posts"}],"about":[{"href":"https:\/\/staging.h2i.ch\/fr\/wp-json\/wp\/v2\/types\/post"}],"author":[{"embeddable":true,"href":"https:\/\/staging.h2i.ch\/fr\/wp-json\/wp\/v2\/users\/13"}],"replies":[{"embeddable":true,"href":"https:\/\/staging.h2i.ch\/fr\/wp-json\/wp\/v2\/comments?post=3073"}],"version-history":[{"count":6,"href":"https:\/\/staging.h2i.ch\/fr\/wp-json\/wp\/v2\/posts\/3073\/revisions"}],"predecessor-version":[{"id":3105,"href":"https:\/\/staging.h2i.ch\/fr\/wp-json\/wp\/v2\/posts\/3073\/revisions\/3105"}],"wp:featuredmedia":[{"embeddable":true,"href":"https:\/\/staging.h2i.ch\/fr\/wp-json\/wp\/v2\/media\/3069"}],"wp:attachment":[{"href":"https:\/\/staging.h2i.ch\/fr\/wp-json\/wp\/v2\/media?parent=3073"}],"wp:term":[{"taxonomy":"category","embeddable":true,"href":"https:\/\/staging.h2i.ch\/fr\/wp-json\/wp\/v2\/categories?post=3073"},{"taxonomy":"post_tag","embeddable":true,"href":"https:\/\/staging.h2i.ch\/fr\/wp-json\/wp\/v2\/tags?post=3073"}],"curies":[{"name":"wp","href":"https:\/\/api.w.org\/{rel}","templated":true}]}}